{"id":477,"date":"2025-01-17T21:29:16","date_gmt":"2025-01-17T21:29:16","guid":{"rendered":"https:\/\/influenceursriches.com\/?p=477"},"modified":"2025-01-17T21:29:16","modified_gmt":"2025-01-17T21:29:16","slug":"51-manon-bril","status":"publish","type":"post","link":"https:\/\/richfamousdream.com\/fr\/51-manon-bril\/","title":{"rendered":"51. Manon Bril"},"content":{"rendered":"\n<h1 class=\"wp-block-heading\">\ud83c\udfdb\ufe0f Manon Bril : la d\u00e9esse de l\u2019Histoire\u2026 et des punchlines \ud83c\udfad\ud83d\udcda<\/h1>\n\n\n\n<h2 class=\"wp-block-heading\">\ud83d\udc76 \ud83c\udfe1  Naissance et origine<\/h2>\n\n\n\n<p><strong>8 juin 1987<\/strong>. Oui, \u00e7a sent bon les cassettes, le Club Doroth\u00e9e, et les d\u00e9buts d\u2019Internet en 56k.<\/p>\n\n\n\n<p>N\u00e9e \u00e0 <strong>Pau<\/strong>, dans le Sud-Ouest, entre b\u00e9ret, roquefort et rugby. Une ville paisible, mais Manon, elle, avait d\u00e9j\u00e0 la fureur d\u2019Ath\u00e9na dans les veines.<\/p>\n\n\n\n<hr class=\"wp-block-separator has-alpha-channel-opacity\"\/>\n\n\n\n<h2 class=\"wp-block-heading\">\ud83d\udc67 3. Enfance : entre scoutisme et bouquins poussi\u00e9reux<\/h2>\n\n\n\n<p>Quand d\u2019autres jouaient \u00e0 la marelle, Manon, elle faisait du <strong>scoutisme<\/strong> aux \u00c9claireuses \u00c9claireurs de France. Traduction ? Elle apprenait d\u00e9j\u00e0 \u00e0 mener une troupe, \u00e0 d\u00e9crypter des signes, et \u00e0 survivre dans la jungle\u2026 ce qui allait bien lui servir plus tard sur <strong>YouTube<\/strong>.<\/p>\n\n\n\n<hr class=\"wp-block-separator has-alpha-channel-opacity\"\/>\n\n\n\n<h2 class=\"wp-block-heading\">\ud83c\udf92 4. Adolescence : litt\u00e9raire mais pas barbante<\/h2>\n\n\n\n<p>Direction <strong>classe pr\u00e9pa litt\u00e9raire \u00e0 Bordeaux<\/strong>. Une \u00e9poque o\u00f9 elle flirte avec la philo, l\u2019histoire et probablement un ou deux caf\u00e9s trop serr\u00e9s. Puis elle bifurque \u00e0 Toulouse, en mode turbo \u00e9tudiant :<\/p>\n\n\n\n<ul class=\"wp-block-list\">\n<li><strong>Licence d\u2019Histoire<\/strong><\/li>\n\n\n\n<li><strong>Licence pluridisciplinaire professorat des \u00e9coles<\/strong><\/li>\n\n\n\n<li><strong>IUFM<\/strong> (le fameux concours pour devenir prof)<\/li>\n<\/ul>\n\n\n\n<p>Et bim, elle devient <strong>prof des \u00e9coles en 2009<\/strong>, tout en reprenant ses \u00e9tudes \u00e0 c\u00f4t\u00e9. Le mot \u201cpolyvalente\u201d vient de l\u00e0.<\/p>\n\n\n\n<hr class=\"wp-block-separator has-alpha-channel-opacity\"\/>\n\n\n\n<h2 class=\"wp-block-heading\">\ud83c\udf93 5. \u00c9tudes sup\u00e9rieures : doctorante badass<\/h2>\n\n\n\n<p>Oui, oui, <strong>docteure en Histoire contemporaine<\/strong>, rien que \u00e7a.<br>Sa th\u00e8se ? Un bijou : <strong>l\u2019appropriation de la d\u00e9esse Ath\u00e9na dans l\u2019imagerie officielle du XIXe si\u00e8cle<\/strong>. Oui, elle a pass\u00e9 des ann\u00e9es \u00e0 fouiller les archives pour comprendre comment les pouvoirs publics s\u2019\u00e9taient empar\u00e9s d\u2019une d\u00e9esse grecque pour se donner un peu de style. \ud83d\udd31\ud83d\udc51<\/p>\n\n\n\n<p>En parall\u00e8le, elle tente le concours <strong>\u201cMa th\u00e8se en 180 secondes\u201d<\/strong>, elle claque un prix, et d\u00e9couvre qu\u2019elle peut captiver les foules\u2026 m\u00eame sans r\u00e9troprojecteur ni PowerPoint moisi.<\/p>\n\n\n\n<hr class=\"wp-block-separator has-alpha-channel-opacity\"\/>\n\n\n\n<h2 class=\"wp-block-heading\">\ud83c\udfa5 6. D\u00e9buts sur Internet : la naissance de \u201cC\u2019est une autre histoire\u201d<\/h2>\n\n\n\n<p><strong>2015.<\/strong> Manon Bril devient <strong>Manon Bril<\/strong> (oui, on garde le blaze, mais on sort le pseudo).<br>Elle cr\u00e9e <strong>\u201cC\u2019est une autre histoire\u201d<\/strong>, une cha\u00eene YouTube \u00e0 mi-chemin entre la mythologie, l\u2019humour, et la culture pop.<\/p>\n\n\n\n<p>C\u2019est dr\u00f4le, c\u2019est intelligent, c\u2019est f\u00e9ministe, c\u2019est punchy. Elle revisite <strong>l\u2019histoire<\/strong>, <strong>la mythologie<\/strong>, <strong>l\u2019art<\/strong>, <strong>l\u2019architecture<\/strong> et m\u00eame les vieux tableaux, avec un regard neuf et des blagues qui claquent. \ud83d\udc41\ufe0f\ud83c\udfa8<\/p>\n\n\n\n<hr class=\"wp-block-separator has-alpha-channel-opacity\"\/>\n\n\n\n<h2 class=\"wp-block-heading\">\ud83d\ude80 Succ\u00e8s, gal\u00e8res et ascension<\/h2>\n\n\n\n<h3 class=\"wp-block-heading\">Les formats qui cartonnent :<\/h3>\n\n\n\n<ul class=\"wp-block-list\">\n<li><strong>Relooking mythologique<\/strong> (tu pensais qu\u2019Aphrodite portait du Zara ? D\u00e9trompe-toi)<\/li>\n\n\n\n<li><strong>Tu vois le tableau<\/strong> (o\u00f9 un simple tableau devient le pr\u00e9texte \u00e0 un feu d\u2019artifice de punchlines historiques)<\/li>\n\n\n\n<li><strong>Une ville au d\u00e9tail<\/strong> (Toulouse, New York, Ath\u00e8nes\u2026 elle d\u00e9niche les p\u00e9pites d\u2019architecture que m\u00eame les locaux ignorent)<\/li>\n\n\n\n<li><strong>Vlogs de th\u00e8se<\/strong> (pour ceux qui pensent qu\u2019\u00e9crire une th\u00e8se, c\u2019est glamour\u2026 Spoiler : non)<\/li>\n\n\n\n<li><strong>Le dessin du mercredi<\/strong>, illustr\u00e9 par Leamlu<\/li>\n<\/ul>\n\n\n\n<p>Elle rejoint <strong>Le Vortex<\/strong> sur Arte, elle intervient dans <strong>Faire l\u2019Histoire<\/strong> avec <strong>Patrick Boucheron<\/strong> (oui, le BFF des profs d\u2019Histoire de Terminale), et elle devient une r\u00e9f\u00e9rence de la vulgarisation sur YouTube.<br>Mais elle reste aussi humaine : fatigue, rythme infernal, d\u00e9sillusions\u2026 Elle ralentit le tempo vers 2024. Mais pas pour faire la sieste.<\/p>\n\n\n\n<hr class=\"wp-block-separator has-alpha-channel-opacity\"\/>\n\n\n\n<h2 class=\"wp-block-heading\">\ud83c\udfa4 Le virage stand-up : de la th\u00e8se aux vannes<\/h2>\n\n\n\n<p>En <strong>2022<\/strong>, Manon tease un nouveau projet : <strong>stand-up historique<\/strong>.<br>L\u00e0 o\u00f9 certains font des blagues sur Tinder, elle te balance des vannes sur la R\u00e9volution fran\u00e7aise ou les cultes grecs. Et \u00e7a fonctionne !<\/p>\n\n\n\n<p>En <strong>2024<\/strong>, elle lance <strong>\u00ab\u00a0Rodage en mode tranquille\u00a0\u00bb<\/strong>, un spectacle qui m\u00e9lange <strong>humour, vulgarisation, anecdotes mythologiques et esprit woke<\/strong> (dans le bon sens du terme, pas celui qu\u2019utilisent les boomers sur Facebook).<\/p>\n\n\n\n<hr class=\"wp-block-separator has-alpha-channel-opacity\"\/>\n\n\n\n<h2 class=\"wp-block-heading\">\ud83d\udd25 Prises de position : la meuf n\u2019a pas peur<\/h2>\n\n\n\n<ul class=\"wp-block-list\">\n<li>Elle d\u00e9monte les <strong>mensonges historiques d\u2019\u00c9ric Zemmour<\/strong> dans une vid\u00e9o engag\u00e9e et bien r\u00e9f\u00e9renc\u00e9e.<\/li>\n\n\n\n<li>Elle t\u00e9moigne publiquement contre <strong>L\u00e9o Grasset<\/strong>, dans le sillage du #MeToo YouTube.<\/li>\n\n\n\n<li>Elle signe en 2024 une tribune <strong>contre l\u2019extr\u00eame droite<\/strong> avec d&rsquo;autres figures du web.<br>Bref, Manon Bril n\u2019est pas juste une vid\u00e9aste marrante : <strong>elle a des convictions, et elle les assume<\/strong>.<\/li>\n<\/ul>\n\n\n\n<hr class=\"wp-block-separator has-alpha-channel-opacity\"\/>\n\n\n\n<h2 class=\"wp-block-heading\">\ud83c\udf1f Top 10 de ses \u0153uvres les plus connues<\/h2>\n\n\n\n<ol class=\"wp-block-list\">\n<li>\ud83c\udfa5 <strong>\u201cRelooking mythologique : Aphrodite\u201d<\/strong> \u2013 plus de 1 million de vues<\/li>\n\n\n\n<li>\ud83c\udfa5 <strong>\u201cTu vois le tableau : le Radeau de la M\u00e9duse\u201d<\/strong><\/li>\n\n\n\n<li>\ud83c\udfa5 <strong>\u201cComment devient-on cannibale ?\u201d<\/strong><\/li>\n\n\n\n<li>\ud83c\udfa5 <strong>\u201cLes historiens debunkent Zemmour\u201d<\/strong><\/li>\n\n\n\n<li>\ud83c\udfa5 <strong>\u201cUne ville au d\u00e9tail : Barcelone\u201d<\/strong><\/li>\n\n\n\n<li>\ud83d\udcda <strong>Sa th\u00e8se : \u201cL\u2019invention d\u2019Ath\u00e9na\u201d<\/strong> \u2013 dispo en ligne, et oui, c\u2019est dense<\/li>\n\n\n\n<li>\ud83c\udf99\ufe0f <strong>Podcast \u201cOyez Oh Yeah\u201d avec Alex Ramir\u00e8s<\/strong> \u2013 de la culture, du fun, et beaucoup de lol<\/li>\n\n\n\n<li>\ud83d\udcfa <strong>Participation \u00e0 \u201cFaire l\u2019Histoire\u201d (Arte)<\/strong><\/li>\n\n\n\n<li>\ud83d\udcfa <strong>Le Vortex<\/strong> \u2013 collectif de vulgarisateurs<\/li>\n\n\n\n<li>\ud83c\udfad <strong>Spectacle : Rodage en mode tranquille<\/strong> \u2013 la sc\u00e8ne, le feu, l\u2019Histoire et des rires.<\/li>\n<\/ol>\n\n\n\n<hr class=\"wp-block-separator has-alpha-channel-opacity\"\/>\n\n\n\n<h2 class=\"wp-block-heading\">\ud83d\udcc5 Derni\u00e8res actualit\u00e9s<\/h2>\n\n\n\n<ul class=\"wp-block-list\">\n<li>En <strong>2025<\/strong>, elle continue sa tourn\u00e9e de stand-up dans toute la France. \ud83c\udfa4<\/li>\n\n\n\n<li>Elle ralentit YouTube, mais tease un possible retour post-tourn\u00e9e.<\/li>\n\n\n\n<li>Elle garde un pied dans la vulgarisation, un pied dans l\u2019humour, et les deux bras lev\u00e9s en mode \u201cJe fais ce que je veux, et c\u2019est styl\u00e9\u201d.<\/li>\n<\/ul>\n\n\n\n<hr class=\"wp-block-separator has-alpha-channel-opacity\"\/>\n\n\n\n<h2 class=\"wp-block-heading\">\ud83c\udfaf Conclusion et appel \u00e0 l&rsquo;action<\/h2>\n\n\n\n<p>\ud83d\udc49 <strong>Tu veux d\u00e9couvrir comment appliquer les strat\u00e9gies, les m\u00e9thodes et les outils de Manon Bril dans ton propre projet, dans ton business, ou sur tes r\u00e9seaux, m\u00eame sans montrer ta t\u00eate ? Clique sur le bouton (ou le lien) ci-dessous pour d\u00e9couvrir la suite (gratuit)<\/strong> \ud83d\udc47<\/p>\n\n\n\n<p><\/p>\n\n\n\n<p><\/p>\n","protected":false},"excerpt":{"rendered":"<p>\ud83c\udfdb\ufe0f Manon Bril : la d\u00e9esse de l\u2019Histoire\u2026 et des punchlines \ud83c\udfad\ud83d\udcda \ud83d\udc76 \ud83c\udfe1 Naissance et origine 8 juin 1987. Oui, \u00e7a sent bon les cassettes, le Club Doroth\u00e9e, et les d\u00e9buts d\u2019Internet en 56k. N\u00e9e \u00e0 Pau, dans le Sud-Ouest, entre b\u00e9ret, roquefort et rugby. Une ville paisible, mais Manon, elle, avait d\u00e9j\u00e0 la &hellip; <\/p>\n<p><a class=\"more-link btn\" href=\"https:\/\/richfamousdream.com\/fr\/51-manon-bril\/\">Lire la suite<\/a><\/p>\n","protected":false},"author":1,"featured_media":0,"comment_status":"open","ping_status":"open","sticky":false,"template":"","format":"standard","meta":{"pagelayer_contact_templates":[],"_pagelayer_content":"","footnotes":""},"categories":[112,156],"tags":[],"class_list":["post-477","post","type-post","status-publish","format-standard","hentry","category-infludream","category-manon-bril","item-wrap"],"_links":{"self":[{"href":"https:\/\/richfamousdream.com\/fr\/wp-json\/wp\/v2\/posts\/477","targetHints":{"allow":["GET"]}}],"collection":[{"href":"https:\/\/richfamousdream.com\/fr\/wp-json\/wp\/v2\/posts"}],"about":[{"href":"https:\/\/richfamousdream.com\/fr\/wp-json\/wp\/v2\/types\/post"}],"author":[{"embeddable":true,"href":"https:\/\/richfamousdream.com\/fr\/wp-json\/wp\/v2\/users\/1"}],"replies":[{"embeddable":true,"href":"https:\/\/richfamousdream.com\/fr\/wp-json\/wp\/v2\/comments?post=477"}],"version-history":[{"count":0,"href":"https:\/\/richfamousdream.com\/fr\/wp-json\/wp\/v2\/posts\/477\/revisions"}],"wp:attachment":[{"href":"https:\/\/richfamousdream.com\/fr\/wp-json\/wp\/v2\/media?parent=477"}],"wp:term":[{"taxonomy":"category","embeddable":true,"href":"https:\/\/richfamousdream.com\/fr\/wp-json\/wp\/v2\/categories?post=477"},{"taxonomy":"post_tag","embeddable":true,"href":"https:\/\/richfamousdream.com\/fr\/wp-json\/wp\/v2\/tags?post=477"}],"curies":[{"name":"wp","href":"https:\/\/api.w.org\/{rel}","templated":true}]}}