{"id":501,"date":"2025-02-07T00:58:02","date_gmt":"2025-02-07T00:58:02","guid":{"rendered":"https:\/\/blog.influenceursriches.com\/?p=501"},"modified":"2025-02-07T00:58:02","modified_gmt":"2025-02-07T00:58:02","slug":"54-jean-riviere","status":"publish","type":"post","link":"https:\/\/richfamousdream.com\/fr\/54-jean-riviere\/","title":{"rendered":"54. Jean Rivi\u00e8re"},"content":{"rendered":"\n<p><\/p>\n\n\n\n<h2 class=\"wp-block-heading\">Jean Rivi\u00e8re La Chanson <\/h2>\n\n\n\n<p><\/p>\n\n\n\n<figure class=\"wp-block-embed is-type-video is-provider-youtube wp-block-embed-youtube wp-embed-aspect-16-9 wp-has-aspect-ratio\"><div class=\"wp-block-embed__wrapper\">\n<iframe loading=\"lazy\" title=\"Jean Riviere  La Chanson Officielle  Horizontal\" width=\"750\" height=\"422\" src=\"https:\/\/www.youtube.com\/embed\/UZFSB8afc8U?feature=oembed\" frameborder=\"0\" allow=\"accelerometer; autoplay; clipboard-write; encrypted-media; gyroscope; picture-in-picture; web-share\" referrerpolicy=\"strict-origin-when-cross-origin\" allowfullscreen><\/iframe>\n<\/div><\/figure>\n\n\n\n<p><\/p>\n\n\n\n<h3 class=\"wp-block-heading\">Jean Rivi\u00e8re : Le nomade du web et ses 400 micro-formations \u2728<\/h3>\n\n\n\n<p>Depuis pr\u00e8s de deux d\u00e9cennies,&nbsp;<strong>Jean Rivi\u00e8re<\/strong>&nbsp;inspire, intrigue et divise. \ud83c\udf0d Formateur, cr\u00e9ateur de contenu et aventurier, il a marqu\u00e9 l\u2019espace francophone du web avec plus de&nbsp;<strong>400 micro-formations<\/strong>. Ces contenus courts, simples et pratiques visent principalement les&nbsp;<strong>d\u00e9butants<\/strong>, m\u00eame si leur pertinence suscite des d\u00e9bats\u2026 notamment \u00e0 cause de leur prix. \ud83d\udcb0<\/p>\n\n\n\n<hr class=\"wp-block-separator has-alpha-channel-opacity\"\/>\n\n\n\n<h3 class=\"wp-block-heading\">Jean Rivi\u00e8re : l\u2019homme aux mille vies \ud83c\udf0f<\/h3>\n\n\n\n<p>Jean Rivi\u00e8re est tout sauf un entrepreneur classique. En 2004, \u00e0 seulement 24 ans, il d\u00e9cide de&nbsp;<strong>quitter le salariat<\/strong>&nbsp;pour vivre librement en ligne. Ce choix l\u2019am\u00e8ne \u00e0 une vie pleine d\u2019aventures :<\/p>\n\n\n\n<ul class=\"wp-block-list\">\n<li>Construction d\u2019une&nbsp;<strong>maison en bois au Cambodge<\/strong>. \ud83c\udfe1<\/li>\n\n\n\n<li>Vie dans un&nbsp;<strong>chalet isol\u00e9 en Transylvanie<\/strong>. \u2744\ufe0f<\/li>\n\n\n\n<li>Cr\u00e9ation d\u2019un&nbsp;<strong>bar en Tha\u00eflande<\/strong>. \ud83c\udf79<\/li>\n\n\n\n<li>R\u00e9novation de&nbsp;<strong>plusieurs fermes<\/strong>&nbsp;en Europe. \ud83c\udf3e<\/li>\n\n\n\n<li>Travers\u00e9es r\u00e9p\u00e9t\u00e9es de l\u2019Europe en&nbsp;<strong>train<\/strong>, d\u2019Est en Ouest. \ud83d\ude82<\/li>\n<\/ul>\n\n\n\n<p>Malgr\u00e9 ce parcours, Jean finit par se lasser du mouvement constant. Aujourd\u2019hui, il m\u00e8ne une vie plus tranquille, entour\u00e9 de&nbsp;<strong>11 animaux<\/strong>&nbsp;et de sa biblioth\u00e8que, dans un environnement qui nourrit son inspiration. \ud83d\udcda<\/p>\n\n\n\n<hr class=\"wp-block-separator has-alpha-channel-opacity\"\/>\n\n\n\n<h3 class=\"wp-block-heading\"><strong>400 cours<\/strong>, pas de grandes formations \ud83c\udf93<\/h3>\n\n\n\n<p>Jean Rivi\u00e8re a cr\u00e9\u00e9 un mod\u00e8le particulier avec ses&nbsp;<strong>cours en ligne<\/strong>. Contrairement aux \u00ab grandes formations \u00bb qui peuvent durer des semaines ou des mois, ses contenus sont courts et&nbsp;<strong>faciles \u00e0 consommer<\/strong>. Chaque cours correspond \u00e0 une&nbsp;<strong>pi\u00e8ce d\u2019un puzzle<\/strong>, une m\u00e9thode qu\u2019il a lui-m\u00eame expliqu\u00e9e :<\/p>\n\n\n\n<blockquote class=\"wp-block-quote is-layout-flow wp-block-quote-is-layout-flow\">\n<p><em>\u00ab Chaque formation donne envie \u00e0 ton client d\u2019en prendre trois autres. M\u00eame si tu vends tes produits 50 \u20ac, certains finiront par d\u00e9penser des milliers d\u2019euros chez toi au fil du temps. \u00bb<\/em><\/p>\n<\/blockquote>\n\n\n\n<p>L\u2019objectif ? Permettre \u00e0 ses \u00e9l\u00e8ves de&nbsp;<strong>passer rapidement \u00e0 l\u2019action<\/strong>, sans \u00eatre submerg\u00e9s d\u2019informations.<\/p>\n\n\n\n<hr class=\"wp-block-separator has-alpha-channel-opacity\"\/>\n\n\n\n<h3 class=\"wp-block-heading\">Un marketing qui divise \ud83d\udca3<\/h3>\n\n\n\n<h4 class=\"wp-block-heading\">Des formations jug\u00e9es superficielles \ud83d\ude2c<\/h4>\n\n\n\n<p>Pour ses&nbsp;<strong>haters<\/strong>, Jean Rivi\u00e8re vend des&nbsp;<strong>r\u00eaves irr\u00e9els<\/strong>. Ils lui reprochent de proposer des contenus simplistes, ax\u00e9s sur des \u00e9vidences, tout en les vendant \u00e0 des prix jug\u00e9s excessifs.<\/p>\n\n\n\n<p>Cependant, ses&nbsp;<strong>fans<\/strong>&nbsp;soulignent l\u2019impact de ses cours pour les&nbsp;<strong>d\u00e9butants<\/strong>. Jean assume ce positionnement et insiste sur le fait que ses formations sont con\u00e7ues pour des personnes recherchant des&nbsp;<strong>solutions simples<\/strong>.<\/p>\n\n\n\n<blockquote class=\"wp-block-quote is-layout-flow wp-block-quote-is-layout-flow\">\n<p><em>\u00ab Oui, mes formations sont simples. Mais elles aident. \u00bb<\/em><\/p>\n<\/blockquote>\n\n\n\n<h4 class=\"wp-block-heading\">Le probl\u00e8me du prix \ud83c\udff7\ufe0f<\/h4>\n\n\n\n<p>Ce qui complique son marketing, c\u2019est le&nbsp;<strong>positionnement tarifaire<\/strong>&nbsp;de ses produits :<\/p>\n\n\n\n<ul class=\"wp-block-list\">\n<li>Ils ne sont pas vendus \u00e0&nbsp;<strong>20 euros<\/strong>, un tarif accessible \u00e0 tous.<\/li>\n\n\n\n<li>Ils ne co\u00fbtent pas non plus&nbsp;<strong>1000 euros<\/strong>, un prix r\u00e9serv\u00e9 aux experts reconnus.<\/li>\n\n\n\n<li>Ils se situent dans une&nbsp;<strong>zone interm\u00e9diaire<\/strong>, autour de&nbsp;<strong>200 euros<\/strong>.<\/li>\n<\/ul>\n\n\n\n<p>Ce tarif cr\u00e9e un certain flou : pour certains, c\u2019est trop cher pour ce que c\u2019est, tandis que pour d\u2019autres, c\u2019est un bon investissement pour d\u00e9marrer.<\/p>\n\n\n\n<hr class=\"wp-block-separator has-alpha-channel-opacity\"\/>\n\n\n\n<h3 class=\"wp-block-heading\">Un cam\u00e9l\u00e9on du business : les mille visages de Jean Rivi\u00e8re \ud83c\udfad<\/h3>\n\n\n\n<p>Jean Rivi\u00e8re a l\u2019art de se&nbsp;<strong>r\u00e9inventer<\/strong>. Depuis ses d\u00e9buts, il a chang\u00e9 de nom de marque et d\u2019identit\u00e9 de business \u00e0 plusieurs reprises :<\/p>\n\n\n\n<ul class=\"wp-block-list\">\n<li><strong>Marketing naturel<\/strong>, \u00e0 ses d\u00e9buts.<\/li>\n\n\n\n<li><strong>Webmarketing Junkie<\/strong>, une de ses p\u00e9riodes les plus marquantes.<\/li>\n\n\n\n<li>En&nbsp;<strong>2021<\/strong>, il devient&nbsp;<em>\u00ab Rejoins le Mouvement \u00bb<\/em>.<\/li>\n\n\n\n<li>En&nbsp;<strong>2022-2023<\/strong>, retour \u00e0&nbsp;<em>Webmarketing Junkie<\/em>.<\/li>\n\n\n\n<li>En&nbsp;<strong>2024<\/strong>, il opte pour&nbsp;<em>Retour au Vrai<\/em>, une marque qui refl\u00e8te son rejet des m\u00e9thodes superficielles et trompeuses.<\/li>\n<\/ul>\n\n\n\n<p>Certains observateurs voient dans ces changements une&nbsp;<strong>tactique commerciale<\/strong>&nbsp;:<\/p>\n\n\n\n<blockquote class=\"wp-block-quote is-layout-flow wp-block-quote-is-layout-flow\">\n<p><em>\u00ab Il fait tourner ses produits pour les reproposer tous les trois ans \u00e0 son audience, sous un nouveau branding. \u00bb<\/em><\/p>\n<\/blockquote>\n\n\n\n<p>Jean s\u2019adapte au march\u00e9 et recycle ses meilleures id\u00e9es tout en renouvelant leur pr\u00e9sentation.<\/p>\n\n\n\n<hr class=\"wp-block-separator has-alpha-channel-opacity\"\/>\n\n\n\n<h3 class=\"wp-block-heading\">La rupture avec Antoine BM \ud83d\udd25<\/h3>\n\n\n\n<p>Jean Rivi\u00e8re a longtemps \u00e9t\u00e9 per\u00e7u comme un&nbsp;<strong>mentor<\/strong>&nbsp;pour Antoine BM, un autre entrepreneur influent du web. Ils partageaient plusieurs pratiques :<\/p>\n\n\n\n<ul class=\"wp-block-list\">\n<li>Envoi d\u2019<strong>emails quotidiens<\/strong>.<\/li>\n\n\n\n<li>Lancement r\u00e9gulier de&nbsp;<strong>petits produits digitaux<\/strong>.<\/li>\n<\/ul>\n\n\n\n<p>Mais leur collaboration a pris fin sur fond de tensions. Jean accuse Antoine de l\u2019avoir&nbsp;<strong>copi\u00e9<\/strong>, ce qui a provoqu\u00e9 une s\u00e9rie de&nbsp;<strong>critiques publiques<\/strong>. Les fans de chaque camp se sont affront\u00e9s sur les r\u00e9seaux, rendant leur d\u00e9saccord c\u00e9l\u00e8bre dans la sph\u00e8re du marketing digital. \ud83d\ude45\u200d\u2642\ufe0f<\/p>\n\n\n\n<hr class=\"wp-block-separator has-alpha-channel-opacity\"\/>\n\n\n\n<h3 class=\"wp-block-heading\">Une philosophie en qu\u00eate d\u2019authenticit\u00e9 \ud83c\udf31<\/h3>\n\n\n\n<p>Aujourd\u2019hui, Jean Rivi\u00e8re pr\u00f4ne une approche&nbsp;<strong>anti-Hustle<\/strong>. Il s\u2019adresse \u00e0 ceux qui :<\/p>\n\n\n\n<ul class=\"wp-block-list\">\n<li>Ont&nbsp;<strong>perdu la flamme<\/strong>&nbsp;de leur passion. \ud83d\udd25<\/li>\n\n\n\n<li>Veulent retrouver une activit\u00e9&nbsp;<strong>align\u00e9e avec leurs valeurs<\/strong>.<\/li>\n\n\n\n<li>Recherchent une&nbsp;<strong>croissance durable<\/strong>&nbsp;plut\u00f4t que des opportunit\u00e9s \u00e9ph\u00e9m\u00e8res.<\/li>\n<\/ul>\n\n\n\n<p>Il rejette les m\u00e9thodes marketing trop agressives et aide ses \u00e9l\u00e8ves \u00e0&nbsp;<strong>reconstruire leur activit\u00e9<\/strong>&nbsp;de mani\u00e8re \u00e9thique et responsable. \ud83c\udfd7\ufe0f<\/p>\n\n\n\n<hr class=\"wp-block-separator has-alpha-channel-opacity\"\/>\n\n\n\n<h3 class=\"wp-block-heading\">Pol\u00e9miques et critiques : une influence controvers\u00e9e \ud83e\udd14<\/h3>\n\n\n\n<p>Malgr\u00e9 sa r\u00e9putation, Jean Rivi\u00e8re reste une figure clivante. Parmi les accusations r\u00e9currentes :<\/p>\n\n\n\n<ul class=\"wp-block-list\">\n<li><strong>Des formations trop ch\u00e8res et simplistes<\/strong>.<\/li>\n\n\n\n<li>Des critiques sur son&nbsp;<strong>recyclage de contenus<\/strong>.<\/li>\n\n\n\n<li>Une posture de&nbsp;<strong>gourou du marketing<\/strong>&nbsp;qui agace certains internautes.<\/li>\n<\/ul>\n\n\n\n<p>N\u00e9anmoins, il reste une source d\u2019inspiration pour de nombreux cr\u00e9ateurs, notamment gr\u00e2ce \u00e0 sa capacit\u00e9 \u00e0&nbsp;<strong>raconter des histoires<\/strong>&nbsp;et \u00e0&nbsp;<strong>cr\u00e9er du contenu captivant<\/strong>.<\/p>\n\n\n\n<hr class=\"wp-block-separator has-alpha-channel-opacity\"\/>\n\n\n\n<h3 class=\"wp-block-heading\">Conclusion : un entrepreneur libre ou un opportuniste marketing ? \ud83e\uddd0<\/h3>\n\n\n\n<p>Jean Rivi\u00e8re est un&nbsp;<strong>visionnaire<\/strong>&nbsp;pour ses fans, et un&nbsp;<strong>vendeur de r\u00eaves<\/strong>&nbsp;pour ses d\u00e9tracteurs. Il s\u2019est impos\u00e9 dans l\u2019univers du marketing en ligne gr\u00e2ce \u00e0 sa capacit\u00e9 \u00e0 se renouveler et \u00e0 proposer des contenus qui r\u00e9pondent aux attentes des d\u00e9butants.<\/p>\n\n\n\n<p>Si tu veux en savoir plus sur ses strat\u00e9gies, ses formations ou ses anecdotes d\u2019entrepreneur, rends-toi sur&nbsp;<strong><a href=\"https:\/\/influenceursriches.com\/\">https:\/\/influenceursriches.com<\/a><\/strong>. Tu y d\u00e9couvriras les secrets d\u2019une r\u00e9ussite durable, loin des faux espoirs et des m\u00e9thodes sur-vendues. \ud83d\udca1<\/p>\n\n\n\n<p><\/p>\n\n\n\n<p><\/p>\n\n\n\n<p><\/p>\n\n\n\n<h2 class=\"wp-block-heading\">Envie de d\u00e9couvrir les prochaines chansons et les prochains articles \u00e0 l&rsquo;avance ?<\/h2>\n\n\n\n<h3 class=\"wp-block-heading\">\ud83d\udc49\ud83c\udffb Envie de recevoir chaque mois des cadeaux gratuits ? \ud83c\udd93 \ud83c\udf81<\/h3>\n\n\n\n<h3 class=\"wp-block-heading\"><br><a href=\"https:\/\/fr.vitaspicy.com\/cadeaux?sa=sa02234707093a0151c794af015f8ae3b8d8bdec29&amp;tk=blogvitaspicyfr\" target=\"_blank\" rel=\"noreferrer noopener\">Inscrit toi gratuitement et sans engagement \u00e0 notre newsletter et re\u00e7ois tes cadeaux gratuits <\/a><\/h3>\n\n\n\n<div class=\"wp-block-buttons is-layout-flex wp-block-buttons-is-layout-flex\">\n<div class=\"wp-block-button\"><a class=\"wp-block-button__link wp-element-button\" href=\"https:\/\/fr.vitaspicy.com\/cadeaux?sa=sa02234707093a0151c794af015f8ae3b8d8bdec29&amp;tk=blogvitaspicyfr\" target=\"_blank\" rel=\"noreferrer noopener\">Oui, je veux recevoir les newsletters et recevoir mes cadeaux gratuit maintenant<\/a><\/div>\n<\/div>\n\n\n\n<p><\/p>\n\n\n\n<p><\/p>\n\n\n\n<h2 class=\"wp-block-heading\">Oussama Ammar : La Chanson Officielle<\/h2>\n\n\n\n<p><\/p>\n\n\n\n<h3 class=\"wp-block-heading\">Format Vertical :<\/h3>\n\n\n\n<figure class=\"wp-block-embed is-type-video is-provider-youtube wp-block-embed-youtube wp-embed-aspect-9-16 wp-has-aspect-ratio\"><div class=\"wp-block-embed__wrapper\">\n<iframe loading=\"lazy\" title=\"Jean Riviere  La Chanson Officielle par VitaSpicy vertical\" width=\"563\" height=\"1000\" src=\"https:\/\/www.youtube.com\/embed\/ZJ2Fa9r7DPc?feature=oembed\" frameborder=\"0\" allow=\"accelerometer; autoplay; clipboard-write; encrypted-media; gyroscope; picture-in-picture; web-share\" referrerpolicy=\"strict-origin-when-cross-origin\" allowfullscreen><\/iframe>\n<\/div><\/figure>\n\n\n\n<p><\/p>\n\n\n\n<p><\/p>\n\n\n\n<p><\/p>\n\n\n\n<h2 class=\"wp-block-heading\">Envie de d\u00e9couvrir les prochaines chansons et les prochains articles \u00e0 l&rsquo;avance ?<\/h2>\n\n\n\n<h3 class=\"wp-block-heading\">\ud83d\udc49\ud83c\udffb Envie de recevoir chaque mois des cadeaux gratuits ? \ud83c\udd93 \ud83c\udf81<\/h3>\n\n\n\n<h3 class=\"wp-block-heading\"><br><a href=\"https:\/\/fr.vitaspicy.com\/cadeaux?sa=sa02234707093a0151c794af015f8ae3b8d8bdec29&amp;tk=blogvitaspicyfr\" target=\"_blank\" rel=\"noreferrer noopener\">Inscrit toi gratuitement et sans engagement \u00e0 notre newsletter et re\u00e7ois tes cadeaux gratuits <\/a><\/h3>\n\n\n\n<div class=\"wp-block-buttons is-layout-flex wp-block-buttons-is-layout-flex\">\n<div class=\"wp-block-button\"><a class=\"wp-block-button__link wp-element-button\" href=\"https:\/\/fr.vitaspicy.com\/cadeaux?sa=sa02234707093a0151c794af015f8ae3b8d8bdec29&amp;tk=blogvitaspicyfr\" target=\"_blank\" rel=\"noreferrer noopener\">Oui, je veux recevoir les newsletters et recevoir mes cadeaux gratuit maintenant<\/a><\/div>\n<\/div>\n\n\n\n<p><\/p>\n","protected":false},"excerpt":{"rendered":"<p>Jean Rivi\u00e8re La Chanson Jean Rivi\u00e8re : Le nomade du web et ses 400 micro-formations \u2728 Depuis pr\u00e8s de deux d\u00e9cennies,&nbsp;Jean Rivi\u00e8re&nbsp;inspire, intrigue et divise. \ud83c\udf0d Formateur, cr\u00e9ateur de contenu et aventurier, il a marqu\u00e9 l\u2019espace francophone du web avec plus de&nbsp;400 micro-formations. Ces contenus courts, simples et pratiques visent principalement les&nbsp;d\u00e9butants, m\u00eame si leur &hellip; <\/p>\n<p><a class=\"more-link btn\" href=\"https:\/\/richfamousdream.com\/fr\/54-jean-riviere\/\">Lire la suite<\/a><\/p>\n","protected":false},"author":1,"featured_media":0,"comment_status":"open","ping_status":"open","sticky":false,"template":"","format":"standard","meta":{"pagelayer_contact_templates":[],"_pagelayer_content":"","footnotes":""},"categories":[112,1],"tags":[],"class_list":["post-501","post","type-post","status-publish","format-standard","hentry","category-infludream","category-uncategorized","item-wrap"],"_links":{"self":[{"href":"https:\/\/richfamousdream.com\/fr\/wp-json\/wp\/v2\/posts\/501","targetHints":{"allow":["GET"]}}],"collection":[{"href":"https:\/\/richfamousdream.com\/fr\/wp-json\/wp\/v2\/posts"}],"about":[{"href":"https:\/\/richfamousdream.com\/fr\/wp-json\/wp\/v2\/types\/post"}],"author":[{"embeddable":true,"href":"https:\/\/richfamousdream.com\/fr\/wp-json\/wp\/v2\/users\/1"}],"replies":[{"embeddable":true,"href":"https:\/\/richfamousdream.com\/fr\/wp-json\/wp\/v2\/comments?post=501"}],"version-history":[{"count":0,"href":"https:\/\/richfamousdream.com\/fr\/wp-json\/wp\/v2\/posts\/501\/revisions"}],"wp:attachment":[{"href":"https:\/\/richfamousdream.com\/fr\/wp-json\/wp\/v2\/media?parent=501"}],"wp:term":[{"taxonomy":"category","embeddable":true,"href":"https:\/\/richfamousdream.com\/fr\/wp-json\/wp\/v2\/categories?post=501"},{"taxonomy":"post_tag","embeddable":true,"href":"https:\/\/richfamousdream.com\/fr\/wp-json\/wp\/v2\/tags?post=501"}],"curies":[{"name":"wp","href":"https:\/\/api.w.org\/{rel}","templated":true}]}}